{"id":1858,"date":"2019-03-26T13:03:37","date_gmt":"2019-03-26T11:03:37","guid":{"rendered":"http:\/\/behrens-lm.de\/?p=1858"},"modified":"2019-04-02T12:05:47","modified_gmt":"2019-04-02T10:05:47","slug":"einladung-stihl-test-tag-2019-mit-gartentechnik-schau-am-06-04-2019","status":"publish","type":"post","link":"http:\/\/behrens-lm.de\/?p=1858","title":{"rendered":"Einladung: STIHL Test-Tag mit Gartentechnik-Schau am 06.04.2019"},"content":{"rendered":"<p><img loading=\"lazy\" class=\"aligncenter size-full wp-image-1862\" src=\"http:\/\/behrens-lm.de\/wp-content\/uploads\/Stihl-Tag5.png\" alt=\"\" width=\"1181\" height=\"236\" srcset=\"http:\/\/behrens-lm.de\/wp-content\/uploads\/Stihl-Tag5.png 1181w, http:\/\/behrens-lm.de\/wp-content\/uploads\/Stihl-Tag5-500x100.png 500w, http:\/\/behrens-lm.de\/wp-content\/uploads\/Stihl-Tag5-768x153.png 768w, http:\/\/behrens-lm.de\/wp-content\/uploads\/Stihl-Tag5-520x104.png 520w, http:\/\/behrens-lm.de\/wp-content\/uploads\/Stihl-Tag5-740x148.png 740w\" sizes=\"(max-width: 1181px) 100vw, 1181px\" \/><\/p>\n<hr>\n<h4 style=\"text-align: center;\"><strong>Wir laden Sie und Ihre Familien herzlich zum STIHL Test-Tag mit Gartentechnik-Schau am Samstag, den 06. April 2019, ab 9 Uhr in Haselau ein.<\/strong><\/h4>\n<hr>\n<p style=\"text-align: justify;\">Es ist wieder soweit. Wir pr\u00e4sentieren Ihnen dieses Jahr erneut alles rund um das Thema Gartentechnik zu attraktiven Aktions- und Sonderpreisen &#8211; <strong>von Motors\u00e4gen, Heckenscheren und Freischneidern \u00fcber Blasger\u00e4te bis hin zu Schiebe- und Aufsitzm\u00e4hern sowie M\u00e4hrobotern; ob Akku, Elektro oder Benzin<\/strong> &#8211; bei uns werden Sie f\u00fcndig. Neben STIHL-Produkten bieten wir auch eine breite Palette weiterer Fabrikate.<\/p>\n<p style=\"text-align: left;\">Kommen Sie vorbei und testen Sie. F\u00fcr Ihr Wohlbefinden wird wie immer gesorgt.<\/p>\n<p style=\"text-align: left;\">Wir freuen uns auf Sie, Ihr Team von <span style=\"color: #006000;\"><strong>Behrens Landmaschinen<\/strong><\/span>,&nbsp;Ihr zuverl\u00e4ssiger Partner<\/p>\n<hr>\n<p><img loading=\"lazy\" class=\"aligncenter wp-image-1908 size-full\" src=\"http:\/\/behrens-lm.de\/wp-content\/uploads\/STIHL-Test-Tag-2019-Header_rdax_962x6802-1.png\" alt=\"\" width=\"1504\" height=\"1063\" srcset=\"http:\/\/behrens-lm.de\/wp-content\/uploads\/STIHL-Test-Tag-2019-Header_rdax_962x6802-1.png 1504w, http:\/\/behrens-lm.de\/wp-content\/uploads\/STIHL-Test-Tag-2019-Header_rdax_962x6802-1-500x353.png 500w, http:\/\/behrens-lm.de\/wp-content\/uploads\/STIHL-Test-Tag-2019-Header_rdax_962x6802-1-768x543.png 768w, http:\/\/behrens-lm.de\/wp-content\/uploads\/STIHL-Test-Tag-2019-Header_rdax_962x6802-1-520x368.png 520w, http:\/\/behrens-lm.de\/wp-content\/uploads\/STIHL-Test-Tag-2019-Header_rdax_962x6802-1-740x523.png 740w\" sizes=\"(max-width: 1504px) 100vw, 1504px\" \/><\/p>\n<hr>\n<p style=\"text-align: justify;\">F\u00fcr weitere Informationen k\u00f6nnen Sie uns&nbsp;<a style=\"color: #006000;\" href=\"http:\/\/behrens-lm.de\/?page_id=74\"><b>hier<\/b><\/a>&nbsp;kontaktieren oder Sie setzen sich mit einem unserer, daf\u00fcr zust\u00e4ndigen&nbsp;<a style=\"color: #006000;\" href=\"http:\/\/behrens-lm.de\/?page_id=70\"><b>Ansprechpartner<\/b><\/a> in Verbindung.<\/p>\n","protected":false},"excerpt":{"rendered":"<p><a class=\"read-more\" href=\"http:\/\/behrens-lm.de\/?p=1858\">Vollst\u00e4ndigen Artikel lesen<\/a><\/p>\n","protected":false},"author":1,"featured_media":1908,"comment_status":"closed","ping_status":"closed","sticky":false,"template":"","format":"standard","meta":{"jetpack_publicize_message":"","jetpack_is_tweetstorm":false,"jetpack_publicize_feature_enabled":true,"_links_to":"","_links_to_target":""},"categories":[1],"tags":[],"jetpack_publicize_connections":[],"jetpack_featured_media_url":"http:\/\/behrens-lm.de\/wp-content\/uploads\/STIHL-Test-Tag-2019-Header_rdax_962x6802-1.png","jetpack_sharing_enabled":true,"jetpack_shortlink":"https:\/\/wp.me\/p8BIro-tY","_links":{"self":[{"href":"http:\/\/behrens-lm.de\/index.php?rest_route=\/wp\/v2\/posts\/1858"}],"collection":[{"href":"http:\/\/behrens-lm.de\/index.php?rest_route=\/wp\/v2\/posts"}],"about":[{"href":"http:\/\/behrens-lm.de\/index.php?rest_route=\/wp\/v2\/types\/post"}],"author":[{"embeddable":true,"href":"http:\/\/behrens-lm.de\/index.php?rest_route=\/wp\/v2\/users\/1"}],"replies":[{"embeddable":true,"href":"http:\/\/behrens-lm.de\/index.php?rest_route=%2Fwp%2Fv2%2Fcomments&post=1858"}],"version-history":[{"count":8,"href":"http:\/\/behrens-lm.de\/index.php?rest_route=\/wp\/v2\/posts\/1858\/revisions"}],"predecessor-version":[{"id":1926,"href":"http:\/\/behrens-lm.de\/index.php?rest_route=\/wp\/v2\/posts\/1858\/revisions\/1926"}],"wp:featuredmedia":[{"embeddable":true,"href":"http:\/\/behrens-lm.de\/index.php?rest_route=\/wp\/v2\/media\/1908"}],"wp:attachment":[{"href":"http:\/\/behrens-lm.de\/index.php?rest_route=%2Fwp%2Fv2%2Fmedia&parent=1858"}],"wp:term":[{"taxonomy":"category","embeddable":true,"href":"http:\/\/behrens-lm.de\/index.php?rest_route=%2Fwp%2Fv2%2Fcategories&post=1858"},{"taxonomy":"post_tag","embeddable":true,"href":"http:\/\/behrens-lm.de\/index.php?rest_route=%2Fwp%2Fv2%2Ftags&post=1858"}],"curies":[{"name":"wp","href":"https:\/\/api.w.org\/{rel}","templated":true}]}}