{"id":1195,"date":"2017-04-04T18:53:17","date_gmt":"2017-04-04T16:53:17","guid":{"rendered":"http:\/\/behrens-lm.de\/?p=1195"},"modified":"2019-04-02T12:06:16","modified_gmt":"2019-04-02T10:06:16","slug":"impressionen-stihl-test-tag-01-04-2017","status":"publish","type":"post","link":"http:\/\/behrens-lm.de\/?p=1195","title":{"rendered":"Impressionen: STIHL Test-Tag mit Gartentechnik-Schau 01.04.2017"},"content":{"rendered":"<h1 style=\"text-align: center;\"><img loading=\"lazy\" class=\"aligncenter size-full wp-image-1209\" src=\"http:\/\/behrens-lm.de\/wp-content\/uploads\/Stihl-Tag2.png\" alt=\"\" width=\"1181\" height=\"236\" srcset=\"http:\/\/behrens-lm.de\/wp-content\/uploads\/Stihl-Tag2.png 1181w, http:\/\/behrens-lm.de\/wp-content\/uploads\/Stihl-Tag2-500x100.png 500w, http:\/\/behrens-lm.de\/wp-content\/uploads\/Stihl-Tag2-768x153.png 768w\" sizes=\"(max-width: 1181px) 100vw, 1181px\" \/><\/h1>\n<hr>\n<p style=\"text-align: justify;\">Am 1. April hatten wir Sie zum <a href=\"http:\/\/behrens-lm.de\/?p=1019\" target=\"_blank\" rel=\"noopener noreferrer\">STIHL Test-Tag mit Gartentechnik-Show<\/a> eingeladen. \u00dcber Ihre zahlreichen Besuche haben wir uns sehr gefreut und hoffen nat\u00fcrlich, dass Sie das Richtige f\u00fcr sich gefunden haben. Auf dieser Seite m\u00f6chten wir nun noch einmal einen kleinen R\u00fcckblick pr\u00e4sentieren, um einen Einblick in das angebotene Sortiment zu gew\u00e4hren. Wir hoffen, wir sehen Sie auch im n\u00e4chsten Jahr wieder, um zu testen, was das Zeug h\u00e4lt.<\/p>\n<p>Wir freuen uns auf Sie,<br \/>\nIhr Team von <strong><span style=\"color: #006000;\">Behrens Landmaschinen<\/span><\/strong>, Ihr zuverl\u00e4ssiger Partner.<\/p>\n<hr>\n<div id='gallery-2' class='gallery galleryid-1195 gallery-columns-2 gallery-size-thumbnail'><figure class='gallery-item'>\n\t\t\t<div class='gallery-icon landscape'>\n\t\t\t\t<a href='http:\/\/behrens-lm.de\/?attachment_id=1202'><img width=\"500\" height=\"500\" src=\"http:\/\/behrens-lm.de\/wp-content\/uploads\/Foto-01.04.17-22-19-10-500x500.jpg\" class=\"attachment-thumbnail size-thumbnail\" alt=\"\" loading=\"lazy\" \/><\/a>\n\t\t\t<\/div><\/figure><figure class='gallery-item'>\n\t\t\t<div class='gallery-icon landscape'>\n\t\t\t\t<a href='http:\/\/behrens-lm.de\/?attachment_id=1199'><img width=\"500\" height=\"500\" src=\"http:\/\/behrens-lm.de\/wp-content\/uploads\/Foto-01.04.17-22-19-00-500x500.jpg\" class=\"attachment-thumbnail size-thumbnail\" alt=\"\" loading=\"lazy\" \/><\/a>\n\t\t\t<\/div><\/figure><figure class='gallery-item'>\n\t\t\t<div class='gallery-icon landscape'>\n\t\t\t\t<a href='http:\/\/behrens-lm.de\/?attachment_id=1197'><img width=\"500\" height=\"500\" src=\"http:\/\/behrens-lm.de\/wp-content\/uploads\/Foto-01.04.17-11-47-05-500x500.jpg\" class=\"attachment-thumbnail size-thumbnail\" alt=\"\" loading=\"lazy\" \/><\/a>\n\t\t\t<\/div><\/figure><figure class='gallery-item'>\n\t\t\t<div class='gallery-icon landscape'>\n\t\t\t\t<a href='http:\/\/behrens-lm.de\/?attachment_id=1198'><img width=\"500\" height=\"500\" src=\"http:\/\/behrens-lm.de\/wp-content\/uploads\/Foto-01.04.17-11-47-35-500x500.jpg\" class=\"attachment-thumbnail size-thumbnail\" alt=\"\" loading=\"lazy\" \/><\/a>\n\t\t\t<\/div><\/figure><figure class='gallery-item'>\n\t\t\t<div class='gallery-icon landscape'>\n\t\t\t\t<a href='http:\/\/behrens-lm.de\/?attachment_id=1200'><img width=\"500\" height=\"500\" src=\"http:\/\/behrens-lm.de\/wp-content\/uploads\/Foto-01.04.17-22-19-05-500x500.jpg\" class=\"attachment-thumbnail size-thumbnail\" alt=\"\" loading=\"lazy\" \/><\/a>\n\t\t\t<\/div><\/figure><figure class='gallery-item'>\n\t\t\t<div class='gallery-icon landscape'>\n\t\t\t\t<a href='http:\/\/behrens-lm.de\/?attachment_id=1196'><img width=\"500\" height=\"500\" src=\"http:\/\/behrens-lm.de\/wp-content\/uploads\/Foto-01.04.17-11-20-39-500x500.jpg\" class=\"attachment-thumbnail size-thumbnail\" alt=\"\" loading=\"lazy\" \/><\/a>\n\t\t\t<\/div><\/figure>\n\t\t<\/div>\n\n<hr>\n<p style=\"text-align: justify;\">F\u00fcr weitere Informationen k\u00f6nnen Sie uns&nbsp;<a style=\"color: #006000;\" href=\"http:\/\/behrens-lm.de\/?page_id=74\"><b>hier<\/b><\/a>&nbsp;kontaktieren oder Sie setzen sich mit einem unserer, daf\u00fcr zust\u00e4ndigen&nbsp;<a style=\"color: #006000;\" href=\"http:\/\/behrens-lm.de\/?page_id=70\"><b>Ansprechpartner<\/b><\/a> in Verbindung.<\/p>\n","protected":false},"excerpt":{"rendered":"<p><a class=\"read-more\" href=\"http:\/\/behrens-lm.de\/?p=1195\">Vollst\u00e4ndigen Artikel lesen<\/a><\/p>\n","protected":false},"author":1,"featured_media":1212,"comment_status":"closed","ping_status":"closed","sticky":false,"template":"","format":"standard","meta":{"jetpack_publicize_message":"","jetpack_is_tweetstorm":false,"jetpack_publicize_feature_enabled":true,"_links_to":"","_links_to_target":""},"categories":[1],"tags":[],"jetpack_publicize_connections":[],"jetpack_featured_media_url":"http:\/\/behrens-lm.de\/wp-content\/uploads\/Foto-24.09.16-17-09-34.jpg","jetpack_sharing_enabled":true,"jetpack_shortlink":"https:\/\/wp.me\/p8BIro-jh","_links":{"self":[{"href":"http:\/\/behrens-lm.de\/index.php?rest_route=\/wp\/v2\/posts\/1195"}],"collection":[{"href":"http:\/\/behrens-lm.de\/index.php?rest_route=\/wp\/v2\/posts"}],"about":[{"href":"http:\/\/behrens-lm.de\/index.php?rest_route=\/wp\/v2\/types\/post"}],"author":[{"embeddable":true,"href":"http:\/\/behrens-lm.de\/index.php?rest_route=\/wp\/v2\/users\/1"}],"replies":[{"embeddable":true,"href":"http:\/\/behrens-lm.de\/index.php?rest_route=%2Fwp%2Fv2%2Fcomments&post=1195"}],"version-history":[{"count":9,"href":"http:\/\/behrens-lm.de\/index.php?rest_route=\/wp\/v2\/posts\/1195\/revisions"}],"predecessor-version":[{"id":1927,"href":"http:\/\/behrens-lm.de\/index.php?rest_route=\/wp\/v2\/posts\/1195\/revisions\/1927"}],"wp:featuredmedia":[{"embeddable":true,"href":"http:\/\/behrens-lm.de\/index.php?rest_route=\/wp\/v2\/media\/1212"}],"wp:attachment":[{"href":"http:\/\/behrens-lm.de\/index.php?rest_route=%2Fwp%2Fv2%2Fmedia&parent=1195"}],"wp:term":[{"taxonomy":"category","embeddable":true,"href":"http:\/\/behrens-lm.de\/index.php?rest_route=%2Fwp%2Fv2%2Fcategories&post=1195"},{"taxonomy":"post_tag","embeddable":true,"href":"http:\/\/behrens-lm.de\/index.php?rest_route=%2Fwp%2Fv2%2Ftags&post=1195"}],"curies":[{"name":"wp","href":"https:\/\/api.w.org\/{rel}","templated":true}]}}